{"id":9127,"date":"2022-06-15T07:32:09","date_gmt":"2022-06-15T05:32:09","guid":{"rendered":"https:\/\/hex.webmatic.be\/?p=9127"},"modified":"2023-06-07T08:40:04","modified_gmt":"2023-06-07T06:40:04","slug":"semer-des-annuelles","status":"publish","type":"post","link":"https:\/\/www.hex.be\/fr\/verhalen\/eenjarigen-zaaien\/","title":{"rendered":"Semer des fleurs annuelles"},"content":{"rendered":"<p><em>Le semis des annuelles s'effectue de pr\u00e9f\u00e9rence en pleine terre. Pourtant, les amateurs sont encore rares \u00e0 oser le faire r\u00e9ellement... ou se trouvent d\u00e9\u00e7us par le r\u00e9sultat.<\/em><\/p>\n<p><em>Lieve Adriaensens (p\u00e9pini\u00e8re Silene) a pr\u00eat\u00e9 l'oreille aux probl\u00e8mes les plus fr\u00e9quents lors du semis de plantes annuelles en pleine terre et donne des conseils qui vous convaincraient de vous lancer malgr\u00e9 tout sans serre, v\u00e9randa ou rebord de fen\u00eatre chauff\u00e9 \u2013 et ce, sans les manipulations minutieuses et les soucis li\u00e9s aux jeunes plantules pr\u00e9-sem\u00e9es.<\/em><\/p>\n<p><img fetchpriority=\"high\" decoding=\"async\" class=\"alignnone size-large wp-image-9128\" src=\"https:\/\/www.hex.be\/wp-content\/uploads\/2019\/09\/hex14-zinnia-en-venkel-1024x680.jpg\" alt=\"\" width=\"1024\" height=\"680\" srcset=\"https:\/\/www.hex.be\/wp-content\/uploads\/2019\/09\/hex14-zinnia-en-venkel-1024x680.jpg 1024w, https:\/\/www.hex.be\/wp-content\/uploads\/2019\/09\/hex14-zinnia-en-venkel-300x199.jpg 300w, https:\/\/www.hex.be\/wp-content\/uploads\/2019\/09\/hex14-zinnia-en-venkel-768x510.jpg 768w, https:\/\/www.hex.be\/wp-content\/uploads\/2019\/09\/hex14-zinnia-en-venkel-600x399.jpg 600w, https:\/\/www.hex.be\/wp-content\/uploads\/2019\/09\/hex14-zinnia-en-venkel.jpg 1920w\" sizes=\"(max-width: 1024px) 100vw, 1024px\" \/><\/p>\n<h6>\u2018 La p\u00e9riode a \u00e9t\u00e9 beaucoup trop s\u00e8che\u2026 \u2019<\/h6>\n<p>Il arrive parfois qu'il ne pleuve pas du tout pendant un mois entier au printemps, et que fait-on alors ? Arroser les semences, bien s\u00fbr, mais vous \u00eates alors oblig\u00e9 de le faire chaque jour, car des graines germ\u00e9es (invisibles \u00e0 l'\u0153il nu) qui ne re\u00e7oivent plus d'eau se dess\u00e9cheront irr\u00e9m\u00e9diablement. La solution est \u00e9vidente : n'arrosez pas et laissez la nature faire son travail ! Tant qu'il ne pleut pas, la graine ne germera pas et attendra sagement que, apr\u00e8s une ou plusieurs averses, le sol soit suffisamment humide pour germer malgr\u00e9 tout \u00e0 son propre rythme. Si la s\u00e9cheresse est et reste anormalement longue, il ne reste plus qu'\u00e0 arroser tout de m\u00eame. Faites-le de pr\u00e9f\u00e9rence apr\u00e8s le coucher du soleil, afin que l'humidit\u00e9 puisse p\u00e9n\u00e9trer dans le sol pendant toute une nuit. Si vous arrosez t\u00f4t le matin, il y a un risque que la moiti\u00e9 s'\u00e9vapore lorsque le soleil se l\u00e8ve. Si vous maintenez cela jusqu'\u00e0 ce que les premi\u00e8res plantules apparaissent, le danger est \u00e9cart\u00e9 et vous pouvez continuer \u00e0 arroser \u00e0 plus long intervalle. Recouvrir les semences de sable grossier aide \u00e9galement \u00e0 emp\u00eacher le sol de se dess\u00e9cher trop rapidement.<\/p>\n<h6><em>\u2018<\/em>J'ai sem\u00e9 entre les plantes vivaces et les arbustes\u2026\u2019<\/h6>\n<p>Au printemps, les plantes vivaces ou les arbustes sont encore petits et nus, mais au fil de la saison, ils se d\u00e9veloppent \u00e0 un rythme record pour former de superbes touffes feuillues. Ils procurent ainsi beaucoup d'ombre aux plantes annuelles, germ\u00e9es ou non, qui ne pourront jamais gagner la course \u00e0 la lumi\u00e8re. Il est donc logique que vous ne puissiez pas semer d'annuelles sur les zones d\u00e9nud\u00e9es sous un arbre ou un arbuste. Si vous souhaitez tout de m\u00eame garnir une bordure de vivaces avec des annuelles, semez-les \u00e0 l'ext\u00e9rieur dans des terrines ou des petits pots et repiquez-les lorsqu'elles sont assez grandes pour faire face \u00e0 la concurrence. De cette mani\u00e8re, les endroits semi-ombrag\u00e9s peuvent \u00e9galement \u00eatre \u00e9gay\u00e9s. Optez pour des annuelles qui poussent \u00e0 mi-ombre, telles que l'ag\u00e9ratum, le nicotiana, la sauge, les tag\u00e8tes, etc.<\/p>\n<p><img decoding=\"async\" class=\"alignnone size-large wp-image-9129\" src=\"https:\/\/www.hex.be\/wp-content\/uploads\/2019\/09\/hex14-ammi-majus-1024x680.jpg\" alt=\"\" width=\"1024\" height=\"680\" srcset=\"https:\/\/www.hex.be\/wp-content\/uploads\/2019\/09\/hex14-ammi-majus-1024x680.jpg 1024w, https:\/\/www.hex.be\/wp-content\/uploads\/2019\/09\/hex14-ammi-majus-300x199.jpg 300w, https:\/\/www.hex.be\/wp-content\/uploads\/2019\/09\/hex14-ammi-majus-768x510.jpg 768w, https:\/\/www.hex.be\/wp-content\/uploads\/2019\/09\/hex14-ammi-majus-600x399.jpg 600w, https:\/\/www.hex.be\/wp-content\/uploads\/2019\/09\/hex14-ammi-majus.jpg 1920w\" sizes=\"(max-width: 1024px) 100vw, 1024px\" \/><\/p>\n<h6>\u2018 J'ai sem\u00e9 \u00e0 la vol\u00e9e\u2026 \u2019<\/h6>\n<p>Cette m\u00e9thode, telle que le paysan semait autrefois ses champs, peut certes \u00eatre appliqu\u00e9e \u00e0 de grandes surfaces. Malheureusement, ce ne sont pas seulement les graines de fleurs qui vont germer, mais aussi les mauvaises herbes. Celles-ci sont d\u00e9j\u00e0 pr\u00e9sentes dans le sol depuis longtemps et attendent le moment propice pour germer, elles auront donc toujours une longueur d'avance. Peut-\u00eatre que cela ne vous emp\u00eache pas de dormir d'avoir un champ rempli d'herbes \u2018 ind\u00e9sirables \u2019 au milieu desquelles poussent quelques annuelles en fleurs, mais \u00e9tait-ce bien l\u00e0 l'intention ? C'est pourquoi il faut semer en lignes, comme dans le potager, en pr\u00e9voyant un espace de 25 \u00e0 30 cm entre elles. M\u00e9langez les graines avec du sable pour \u00e9viter de semer trop dense et recouvrez-les d'un demi-centim\u00e8tre de sable de rivi\u00e8re lav\u00e9, et non de terreau ou de terre de jardin. Ces \u2018 lignes de sable \u2019 restent tr\u00e8s visibles apr\u00e8s quelques semaines, ce qui fait qu'il est \u00e9vident que vous pouvez biner ou d\u00e9sherber entre elles. Au fur et \u00e0 mesure que les plantules grandissent, vous pouvez les \u00e9claircir et, avec le temps, vous ne verrez plus du tout ces lignes. Astuce : Au lieu de m\u00e9langer les graines avec du sable, vous pouvez \u00e9galement les m\u00e9langer avec une certaine quantit\u00e9 de radis \u00e0 germination rapide. Ainsi, les lignes subsisteront, m\u00eame lorsque le sable de couverture ne sera plus visible. Et il ne sera alors probablement plus n\u00e9cessaire d'\u00e9claircir une fois que les radis auront fini dans votre assiette.<\/p>\n<h6>\u2018 Je pense que j'ai sem\u00e9 trop t\u00f4t\u2026 \u2019<\/h6>\n<p>En principe, vous pouvez semer de mars jusqu'\u00e0 fin mai, et m\u00eame jusqu'en juin ! Mais attendez que le sol soit suffisamment r\u00e9chauff\u00e9 et ne bravez pas le froid au d\u00e9but du printemps, car cela ne sert \u00e0 rien de toute fa\u00e7on. Les graines ne germent que lorsque les conditions sont bonnes, avec suffisamment d'humidit\u00e9 et une temp\u00e9rature agr\u00e9able, y compris la nuit. En fait, cela se r\u00e9sume \u00e0 ceci : si vous avez vous-m\u00eame envie d'\u00eatre dehors, les graines en ont envie aussi. Semer tard a \u00e9galement ses avantages : m\u00eame les esp\u00e8ces qui sont autrement difficiles \u00e0 pr\u00e9semer \u00e0 l'int\u00e9rieur peuvent \u00eatre sem\u00e9es \u00e0 l'ext\u00e9rieur sans probl\u00e8me. Le cleome, le zinnia, le celosia et le ricin sont des esp\u00e8ces sensibles au froid qui germent sans probl\u00e8me \u00e0 l'ext\u00e9rieur \u00e0 la fin du printemps. De plus, les plantes annuelles sem\u00e9es en ext\u00e9rieur ont un grand avantage par rapport aux plantes de serre : les limaces les laissent davantage tranquilles ! Ces plantes annuelles fleurissent alors un peu plus tard, mais durent beaucoup plus longtemps. Si le jardin est sur un sol sec ou sablonneux, essayez de semer avant l'hiver (\u00e0 partir de septembre). Les graines germeront parfois en automne et survivront \u00e0 l'hiver, ce qui rendra les plantes plus fortes au printemps et leur permettra de fleurir plus t\u00f4t, en guise de bonus pour les abeilles. Malheureusement, cela ne fonctionne pas sur un sol humide ou lourd.<\/p>\n<h6>\u2018 J'ai peut-\u00eatre sem\u00e9 trop profond... \u2019<\/h6>\n<p>Certaines graines se fichent d'\u00eatre recouvertes d'une couche de terre, mais beaucoup d'autres n'aiment pas du tout cela. Pour r\u00e9ussir avec toutes les esp\u00e8ces, proc\u00e9dez comme suit : d\u00e9sherbez et ameublissez bien la terre, et veillez \u00e0 ce que la couche sup\u00e9rieure soit finement \u00e9miett\u00e9e. Semez les graines sur cette couche, puis tassez avec une planche ou un rouleau \u00e0 gazon. De cette mani\u00e8re, chaque grain de semence est bien entour\u00e9 de terre et il y a un contact optimal entre les graines et le sol. Si vous y saupoudrez ensuite une fine couche de sable grossier, le tout ne se dess\u00e9chera pas si rapidement.<\/p>\n<h6>\u2018Mes coquelicots ne poussent plus\u2026\u2019<\/h6>\n<p>Une question r\u00e9currente : comment se fait-il qu'en juin, les coquelicots fleurissent abondamment partout, alors qu'ils poussent \u00e0 peine dans mon jardin ? Tout d'abord, les trois quarts des graines de coquelicots restent toujours dans le sol sans germer (peut-\u00eatre est-ce une assurance pour les ann\u00e9es \u00e0 venir ?). De plus, c'est un fait \u00e9tabli que Papaver rhoeas, le coquelicot, a besoin d'un sol perturb\u00e9 pour pouvoir germer. D'o\u00f9 la floraison abondante apr\u00e8s des travaux routiers, par exemple. Pour \u2018 perturber \u2019 le sol chaque ann\u00e9e, apr\u00e8s l'hiver, il faut remuer vigoureusement la couche sup\u00e9rieure avec une griffe de jardin ou un cultivateur \u00e0 trois dents.<\/p>\n<p>Esp\u00e9rons que ces conseils du cultivateur exp\u00e9riment\u00e9 sauront vous convaincre de vous lancer sans serre, sans v\u00e9randa ou sans rebord de fen\u00eatre chaud dans la cuisine ! Les tracas et les soucis li\u00e9s aux jeunes plantules issues de semis int\u00e9rieur appartiennent au pass\u00e9. Semez simplement en pleine terre, avec un effet naturel surprenant, et vous verrez que c'est addictif\u2026<\/p>\n<p style=\"text-align: center\">Texte : Lieve Adriaensen<br \/>\nAvec nos remerciements \u00e0 Eden Magazine<\/p>\n<h5 style=\"text-align: center\"><a href=\"https:\/\/edenmagazine.be\/\" target=\"_blank\" rel=\"noopener nofollow\">www.edenmagazine.be<\/a><\/h5>\n<h6><a href=\"https:\/\/www.hex.be\/wp-content\/uploads\/2019\/06\/EDEN-e1567155053385.jpg\"><img decoding=\"async\" class=\"size-medium wp-image-8627 aligncenter\" src=\"https:\/\/www.hex.be\/wp-content\/uploads\/2019\/06\/EDEN-300x107.jpg\" alt=\"\" width=\"300\" height=\"107\" \/><\/a><\/h6>\n<p>&nbsp;<\/p>","protected":false},"excerpt":{"rendered":"<p>Het zaaien van \u00e9\u00e9njarigen gebeurt het best in volle grond. Toch zijn er nog altijd weinig amateurs die dit daadwerkelijk durven doen&#8230; of teleurgesteld zijn over het resultaat. Lieve Adriaensens\u00a0 (kwekerij Silene) luisterde naar de meest voorkomende problemen bij het zaaien van \u00e9\u00e9njarigen\u00a0 in volle grond en geeft tips die je zullen overtuigen om toch [&hellip;]<\/p>\n","protected":false},"author":5,"featured_media":24279,"comment_status":"open","ping_status":"open","sticky":false,"template":"","format":"standard","meta":{"_acf_changed":false,"site-sidebar-layout":"default","site-content-layout":"default","ast-site-content-layout":"default","site-content-style":"default","site-sidebar-style":"default","ast-global-header-display":"","ast-banner-title-visibility":"","ast-main-header-display":"","ast-hfb-above-header-display":"","ast-hfb-below-header-display":"","ast-hfb-mobile-header-display":"","site-post-title":"","ast-breadcrumbs-content":"","ast-featured-img":"","footer-sml-layout":"","ast-disable-related-posts":"","theme-transparent-header-meta":"default","adv-header-id-meta":"","stick-header-meta":"default","header-above-stick-meta":"","header-main-stick-meta":"","header-below-stick-meta":"","astra-migrate-meta-layouts":"default","ast-page-background-enabled":"default","ast-page-background-meta":{"desktop":{"background-color":"","background-image":"","background-repeat":"repeat","background-position":"center center","background-size":"auto","background-attachment":"scroll","background-type":"","background-media":"","overlay-type":"","overlay-color":"","overlay-opacity":"","overlay-gradient":""},"tablet":{"background-color":"","background-image":"","background-repeat":"repeat","background-position":"center center","background-size":"auto","background-attachment":"scroll","background-type":"","background-media":"","overlay-type":"","overlay-color":"","overlay-opacity":"","overlay-gradient":""},"mobile":{"background-color":"","background-image":"","background-repeat":"repeat","background-position":"center center","background-size":"auto","background-attachment":"scroll","background-type":"","background-media":"","overlay-type":"","overlay-color":"","overlay-opacity":"","overlay-gradient":""}},"ast-content-background-meta":{"desktop":{"background-color":"var(--ast-global-color-5)","background-image":"","background-repeat":"repeat","background-position":"center center","background-size":"auto","background-attachment":"scroll","background-type":"","background-media":"","overlay-type":"","overlay-color":"","overlay-opacity":"","overlay-gradient":""},"tablet":{"background-color":"var(--ast-global-color-5)","background-image":"","background-repeat":"repeat","background-position":"center center","background-size":"auto","background-attachment":"scroll","background-type":"","background-media":"","overlay-type":"","overlay-color":"","overlay-opacity":"","overlay-gradient":""},"mobile":{"background-color":"var(--ast-global-color-5)","background-image":"","background-repeat":"repeat","background-position":"center center","background-size":"auto","background-attachment":"scroll","background-type":"","background-media":"","overlay-type":"","overlay-color":"","overlay-opacity":"","overlay-gradient":""}},"_price":"","_stock":"","_tribe_ticket_header":"","_tribe_default_ticket_provider":"","_tribe_ticket_capacity":"0","_ticket_start_date":"","_ticket_end_date":"","_tribe_ticket_show_description":"","_tribe_ticket_show_not_going":false,"_tribe_ticket_use_global_stock":"","_tribe_ticket_global_stock_level":"","_global_stock_mode":"","_global_stock_cap":"","_tribe_rsvp_for_event":"","_tribe_ticket_going_count":"","_tribe_ticket_not_going_count":"","_tribe_tickets_list":"[]","_tribe_ticket_has_attendee_info_fields":false,"footnotes":"","_members_access_role":[],"_members_access_error":""},"categories":[254],"class_list":["post-9127","post","type-post","status-publish","format-standard","has-post-thumbnail","hentry","category-tips"],"acf":[],"_links":{"self":[{"href":"https:\/\/www.hex.be\/fr\/wp-json\/wp\/v2\/posts\/9127","targetHints":{"allow":["GET"]}}],"collection":[{"href":"https:\/\/www.hex.be\/fr\/wp-json\/wp\/v2\/posts"}],"about":[{"href":"https:\/\/www.hex.be\/fr\/wp-json\/wp\/v2\/types\/post"}],"author":[{"embeddable":true,"href":"https:\/\/www.hex.be\/fr\/wp-json\/wp\/v2\/users\/5"}],"replies":[{"embeddable":true,"href":"https:\/\/www.hex.be\/fr\/wp-json\/wp\/v2\/comments?post=9127"}],"version-history":[{"count":3,"href":"https:\/\/www.hex.be\/fr\/wp-json\/wp\/v2\/posts\/9127\/revisions"}],"predecessor-version":[{"id":23852,"href":"https:\/\/www.hex.be\/fr\/wp-json\/wp\/v2\/posts\/9127\/revisions\/23852"}],"wp:featuredmedia":[{"embeddable":true,"href":"https:\/\/www.hex.be\/fr\/wp-json\/wp\/v2\/media\/24279"}],"wp:attachment":[{"href":"https:\/\/www.hex.be\/fr\/wp-json\/wp\/v2\/media?parent=9127"}],"wp:term":[{"taxonomy":"category","embeddable":true,"href":"https:\/\/www.hex.be\/fr\/wp-json\/wp\/v2\/categories?post=9127"}],"curies":[{"name":"wp","href":"https:\/\/api.w.org\/{rel}","templated":true}]}}