{"id":10155,"date":"2021-03-20T12:56:42","date_gmt":"2021-03-20T11:56:42","guid":{"rendered":"https:\/\/hex.webmatic.be\/?p=10155"},"modified":"2022-12-20T06:01:05","modified_gmt":"2022-12-20T05:01:05","slug":"le-potager-au-printemps","status":"publish","type":"post","link":"https:\/\/www.hex.be\/fr\/verhalen\/de-moestuin-in-het-voorjaar\/","title":{"rendered":"Printemps dans le potager"},"content":{"rendered":"<div data-elementor-type=\"wp-post\" data-elementor-id=\"10155\" class=\"elementor elementor-10155\" data-elementor-post-type=\"post\">\n\t\t\t\t\t\t<section class=\"elementor-section elementor-top-section elementor-element elementor-element-7f3aefbd elementor-section-boxed elementor-section-height-default elementor-section-height-default\" data-id=\"7f3aefbd\" data-element_type=\"section\" data-e-type=\"section\">\n\t\t\t\t\t\t<div class=\"elementor-container elementor-column-gap-default\">\n\t\t\t\t\t<div class=\"elementor-column elementor-col-100 elementor-top-column elementor-element elementor-element-f671051\" data-id=\"f671051\" data-element_type=\"column\" data-e-type=\"column\">\n\t\t\t<div class=\"elementor-widget-wrap elementor-element-populated\">\n\t\t\t\t\t\t<div class=\"elementor-element elementor-element-7c704b1 elementor-widget elementor-widget-text-editor\" data-id=\"7c704b1\" data-element_type=\"widget\" data-e-type=\"widget\" data-widget_type=\"text-editor.default\">\n\t\t\t\t<div class=\"elementor-widget-container\">\n\t\t\t\t\t\t\t\t\t<p style=\"text-align: left\"><em>Le potager du ch\u00e2teau de Hex s'inscrit dans une longue tradition de vie saisonni\u00e8re et d'autosuffisance. Le jardin est le reflet de la cuisine du ch\u00e2teau. Ou inversement, si l'on veut, le jardin se retrouve dans l'assiette.<\/em><\/p><p><img fetchpriority=\"high\" decoding=\"async\" class=\"alignnone wp-image-3578 size-large\" src=\"https:\/\/www.hex.be\/wp-content\/uploads\/2016\/05\/Hex-245-kweektuin-\u00aePSGstudio-e1582199609629-1024x351.jpg\" alt=\"\" width=\"1024\" height=\"351\" srcset=\"https:\/\/www.hex.be\/wp-content\/uploads\/2016\/05\/Hex-245-kweektuin-\u00aePSGstudio-e1582199609629-1024x351.jpg 1024w, https:\/\/www.hex.be\/wp-content\/uploads\/2016\/05\/Hex-245-kweektuin-\u00aePSGstudio-e1582199609629-600x206.jpg 600w, https:\/\/www.hex.be\/wp-content\/uploads\/2016\/05\/Hex-245-kweektuin-\u00aePSGstudio-e1582199609629-300x103.jpg 300w, https:\/\/www.hex.be\/wp-content\/uploads\/2016\/05\/Hex-245-kweektuin-\u00aePSGstudio-e1582199609629-768x263.jpg 768w, https:\/\/www.hex.be\/wp-content\/uploads\/2016\/05\/Hex-245-kweektuin-\u00aePSGstudio-e1582199609629-1536x527.jpg 1536w, https:\/\/www.hex.be\/wp-content\/uploads\/2016\/05\/Hex-245-kweektuin-\u00aePSGstudio-e1582199609629.jpg 1910w\" sizes=\"(max-width: 1024px) 100vw, 1024px\" \/><\/p><p style=\"text-align: left\"><em>Le calendrier et les techniques de culture ont \u00e9t\u00e9 transmis de jardinier en jardinier et am\u00e9lior\u00e9s de g\u00e9n\u00e9ration en g\u00e9n\u00e9ration. Cet aper\u00e7u vous aidera peut-\u00eatre \u00e0 \u00e9tablir votre propre calendrier de semis pour les mois \u00e0 venir : de fin f\u00e9vrier \u00e0 juin \u2013 sans aucun doute les trois mois les plus charg\u00e9s de l'ann\u00e9e pour tout jardinier, qu'il soit amateur ou professionnel.<\/em><\/p><p style=\"text-align: left\"><em>\u00a0<\/em><\/p><p><b>F\u00c9VRIER\/MARS<br \/><\/b>Les mois d'hiver sont d\u00e9finitivement termin\u00e9s : la temp\u00e9rature augmente r\u00e9guli\u00e8rement et \u00e7a bouge d\u00e9j\u00e0 de partout dans le jardin. Mais malgr\u00e9 l'appel du printemps, il faut faire preuve d'une certaine prudence, surtout les premi\u00e8res semaines. En mars, il peut encore faire assez froid par moments, et le sol est encore humide et froid. En attendant, je pr\u00e9pare d\u00e9j\u00e0 la serre et les ch\u00e2ssis de culture.\u00a0<\/p><p><img decoding=\"async\" class=\"wp-image-123 alignleft\" src=\"https:\/\/www.hex.be\/wp-content\/uploads\/2014\/03\/Hex-Rechterkant-Dagboek-250x250-Ghust2012-jan-feb-maart-008.jpg\" alt=\"\" width=\"175\" height=\"175\" srcset=\"https:\/\/www.hex.be\/wp-content\/uploads\/2014\/03\/Hex-Rechterkant-Dagboek-250x250-Ghust2012-jan-feb-maart-008.jpg 250w, https:\/\/www.hex.be\/wp-content\/uploads\/2014\/03\/Hex-Rechterkant-Dagboek-250x250-Ghust2012-jan-feb-maart-008-100x100.jpg 100w, https:\/\/www.hex.be\/wp-content\/uploads\/2014\/03\/Hex-Rechterkant-Dagboek-250x250-Ghust2012-jan-feb-maart-008-150x150.jpg 150w\" sizes=\"(max-width: 175px) 100vw, 175px\" \/>Les premi\u00e8res cultures qui requi\u00e8rent notre attention sont les l\u00e9gumes qui poussent ou germent lentement, comme les <strong>vari\u00e9t\u00e9s de c\u00e9leri<\/strong> \u2013 le c\u00e9leri-rave par exemple. Nous semons le c\u00e9leri dans la <b>serre <\/b>dans l'un des bacs de semis contenant de la terre tamis\u00e9e, les graines sont l\u00e9g\u00e8rement recouvertes de sable grossier. Je r\u00e9partis les fines graines en les espa\u00e7ant largement \u2013 afin que les jeunes plantules ne se concurrencent pas pendant la p\u00e9riode pr\u00e9c\u00e9dant leur repiquage. Le c\u00e9leri est tr\u00e8s lent \u00e0 germer et n\u00e9cessite en outre une temp\u00e9rature d'au moins 18 \u00e0 20 \u00b0C : id\u00e9al pour la v\u00e9randa ou le rebord de la fen\u00eatre de votre cuisine. Un bon conseil : gardez un \u0153il sur votre bac de semis ; maintenez-le humide chaque jour et ne perdez pas patience.<\/p><p><img decoding=\"async\" class=\"alignnone wp-image-1591 size-full\" src=\"https:\/\/www.hex.be\/wp-content\/uploads\/2015\/03\/Hex-post-a-serre-zaaien-e1582232840383.jpg\" alt=\"\" width=\"784\" height=\"278\" srcset=\"https:\/\/www.hex.be\/wp-content\/uploads\/2015\/03\/Hex-post-a-serre-zaaien-e1582232840383.jpg 784w, https:\/\/www.hex.be\/wp-content\/uploads\/2015\/03\/Hex-post-a-serre-zaaien-e1582232840383-600x213.jpg 600w, https:\/\/www.hex.be\/wp-content\/uploads\/2015\/03\/Hex-post-a-serre-zaaien-e1582232840383-300x106.jpg 300w, https:\/\/www.hex.be\/wp-content\/uploads\/2015\/03\/Hex-post-a-serre-zaaien-e1582232840383-768x272.jpg 768w\" sizes=\"(max-width: 784px) 100vw, 784px\" \/><\/p><p>\u00c0 c\u00f4t\u00e9 du c\u00e9leri, je fais de la place sur le plan de travail pour <strong>poireau d'\u00e9t\u00e9<\/strong>. Le poireau est \u00e9galement une plante \u00e0 germination lente qui a besoin de chaleur. Nous semons dans un bac profond avec un bord sur\u00e9lev\u00e9.<\/p><p><img loading=\"lazy\" decoding=\"async\" class=\"wp-image-3468 alignleft\" src=\"https:\/\/www.hex.be\/wp-content\/uploads\/2016\/03\/Hex16-kardoen-zaaien-533x800-SAM_1914.jpg\" alt=\"\" width=\"183\" height=\"275\" srcset=\"https:\/\/www.hex.be\/wp-content\/uploads\/2016\/03\/Hex16-kardoen-zaaien-533x800-SAM_1914.jpg 533w, https:\/\/www.hex.be\/wp-content\/uploads\/2016\/03\/Hex16-kardoen-zaaien-533x800-SAM_1914-200x300.jpg 200w\" sizes=\"(max-width: 183px) 100vw, 183px\" \/><b>Poivron<\/b>, <b>piments<\/b>, <b>aubergine<\/b> et <b>melon<\/b> ce sont des plantes qui ont naturellement une longue saison. Pour pouvoir r\u00e9colter les premiers fruits au milieu de l'\u00e9t\u00e9, elles doivent \u00eatre sem\u00e9es t\u00f4t. Je les s\u00e8me dans des terrines. Elles germent toutes assez rapidement. Je les repique en pots et les garde au chaud dans la serre jusqu'en mai.<\/p><p>Nous r\u00e9servons aussi une place au chaud pour <b>cardon<\/b> et <strong>artichaut<\/strong>, et cette ann\u00e9e, par exemple, je s\u00e8me aussi <b>asperge<\/b>. Je s\u00e8me g\u00e9n\u00e9ralement les plantes vivaces dans des godets ou des pots.<\/p><p>Je garde les l\u00e9gumes qui aiment la chaleur au chaud sur un <b>tapis chauffant<\/b> avec thermostat \u2013 avec un voile d'hivernage suppl\u00e9mentaire par-dessus la nuit. Jadis, il y avait un po\u00eale \u00e0 charbon pour chauffer la serre.<\/p><p><strong>Choux<\/strong> et<strong> laitue<\/strong> ont besoin de peu de chaleur. Dans la serre, nous pouvons commencer d\u00e8s que la temp\u00e9rature oscille autour de 12 \u00b0C. Les choux de printemps et d'\u00e9t\u00e9 comme <b>chou pointu<\/b>, t\u00f4t <b>chou-fleur <\/b>et <b>brocoli<\/b> je s\u00e8me en terrines, pour ensuite repiquer d\u00e8s que les plantules ont quelques vraies feuilles et montrent un syst\u00e8me racinaire ramifi\u00e9. Elles se portent mieux sous le ch\u00e2ssis de la couche froide jusqu'\u00e0 ce que le temps permette de les planter au potager.<\/p><p>Les premiers <b>pois gourmands <\/b>je s\u00e8me directement dans des petits pots, apr\u00e8s les avoir fait tremper une nuit. Apr\u00e8s quelques semaines, je les repique d\u00e9j\u00e0 sous le ch\u00e2ssis de la couche froide. Plus tard dans la saison, le verre est retir\u00e9 et on les laisse grandir en hauteur.<\/p><p><img loading=\"lazy\" decoding=\"async\" class=\"wp-image-3292 alignleft\" src=\"https:\/\/www.hex.be\/wp-content\/uploads\/2016\/03\/Hex-post-erwten-macro-800x415-e1488245089341.jpg\" alt=\"\" width=\"179\" height=\"179\" srcset=\"https:\/\/www.hex.be\/wp-content\/uploads\/2016\/03\/Hex-post-erwten-macro-800x415-e1488245089341.jpg 410w, https:\/\/www.hex.be\/wp-content\/uploads\/2016\/03\/Hex-post-erwten-macro-800x415-e1488245089341-300x300.jpg 300w, https:\/\/www.hex.be\/wp-content\/uploads\/2016\/03\/Hex-post-erwten-macro-800x415-e1488245089341-100x100.jpg 100w, https:\/\/www.hex.be\/wp-content\/uploads\/2016\/03\/Hex-post-erwten-macro-800x415-e1488245089341-150x150.jpg 150w\" sizes=\"(max-width: 179px) 100vw, 179px\" \/>Les <strong>plants de pommes de terre<\/strong> des vari\u00e9t\u00e9s pr\u00e9coces de pommes de terre trouvent maintenant leur place dans la serre. Nous disposons les plants dans des caisses garnies de paille pour les faire pr\u00e9germer. Pour la culture biologique, nous choisissons des vari\u00e9t\u00e9s anciennes savoureuses et r\u00e9sistantes : \u00ab Belle de Fontenay \u00bb, \u00ab Franceline \u00bb, \u00ab Rosabelle \u00bb ou \u00ab Roseval \u00bb.<\/p><p>Dans le<strong> ch\u00e2ssis<\/strong> je s\u00e8me des l\u00e9gumes de printemps sous ch\u00e2ssis en lignes. Je commence g\u00e9n\u00e9ralement par la \u2018 Goudgele Gotte \u2019 qui, avec sa petite pomme, est pr\u00eate \u00e0 \u00eatre r\u00e9colt\u00e9e plus rapidement. \u2018 Goudgele Gotte \u2019, \u2018 Amerikaanse roodrand \u2019, la feuille de ch\u00eane rouge, \u2018 Wit Dunsel \u2019 conviennent \u00e9galement tr\u00e8s bien comme <strong>laitue \u00e0 couper<\/strong>. En attendant nos premi\u00e8res pommes, nous pourrons d\u00e9j\u00e0 en r\u00e9colter une salade compos\u00e9e d'ici quelques semaines. <img loading=\"lazy\" decoding=\"async\" class=\"wp-image-125 alignleft\" src=\"https:\/\/www.hex.be\/wp-content\/uploads\/2014\/03\/Hex-Rechterkant-Dagboek-250x250-Ghust2012-jan-feb-maart-033.jpg\" alt=\"\" width=\"183\" height=\"183\" srcset=\"https:\/\/www.hex.be\/wp-content\/uploads\/2014\/03\/Hex-Rechterkant-Dagboek-250x250-Ghust2012-jan-feb-maart-033.jpg 250w, https:\/\/www.hex.be\/wp-content\/uploads\/2014\/03\/Hex-Rechterkant-Dagboek-250x250-Ghust2012-jan-feb-maart-033-100x100.jpg 100w, https:\/\/www.hex.be\/wp-content\/uploads\/2014\/03\/Hex-Rechterkant-Dagboek-250x250-Ghust2012-jan-feb-maart-033-150x150.jpg 150w\" sizes=\"(max-width: 183px) 100vw, 183px\" \/> Nous semons ensuite un rang de <b>chicor\u00e9e fris\u00e9e<\/b> \u2018Altijd witte\u2019 et les herbes pour salade<b> <\/b>comme <b>cresson al\u00e9nois<\/b>, <b>roquette<\/b>, <b>moutarde \u00e0 feuilles<\/b>,\u00a0 <b>coriandre<\/b> et du <b>persil<\/b>. Je s\u00e8me aussi des rangs de <b>radis<\/b>, <b>ciboule<\/b>, <b>c\u00e9leri<\/b> et <b>cerfeuil<\/b>, sans oublier. Si n\u00e9cessaire, vous pouvez encore semer ce mois-ci dans le ch\u00e2ssis des <b>\u00e9pinard <\/b>ou <b>m\u00e2che<\/b> .<\/p><p>Enfin, je s\u00e8me un grand bac de <b>carottes en bottes<\/b>. \u2018 Amsterdamse bak \u2019 est une ancienne vari\u00e9t\u00e9 incomparable et savoureuse pour une premi\u00e8re r\u00e9colte en juin. Avec la \u2018 gele stompe van Doubs \u2019 et une vari\u00e9t\u00e9 violette, nous varions \u00e9galement les couleurs.<\/p><p><img loading=\"lazy\" decoding=\"async\" class=\"wp-image-733 alignleft\" src=\"https:\/\/www.hex.be\/wp-content\/uploads\/2014\/04\/Hex-grelinette-300x200-copyright-Hex-PSG.be-1431-e1582233535993.jpg\" alt=\"\" width=\"178\" height=\"171\" \/>Dans le<strong> potager<\/strong>\u00a0 nous commen\u00e7ons par retirer la couverture hivernale. Nous ameublissons la terre argileuse avec une <b>grelinette<\/b> pour laisser le sol s\u00e9cher et se r\u00e9chauffer au soleil et au vent. Quelques jours plus tard, nous fraiserons, r\u00e2tellerons et semerons.<strong><br \/><\/strong>Nous pr\u00e9parons \u00e9galement les parcelles o\u00f9 nous ne semerons qu'en avril ou en mai (comme les carottes, les chicons, les oignons ou les salsifis). Dans l'intervalle, les mauvaises herbes vont germer et nous aurons l'occasion de biner une premi\u00e8re fois avant le semis, ce qui nous \u00e9vitera beaucoup de d\u00e9sherbage par la suite. Cette technique s'appelle le <b>faux-semis<\/b>.<\/p><p><img loading=\"lazy\" decoding=\"async\" class=\"size-large wp-image-5333\" src=\"https:\/\/www.hex.be\/wp-content\/uploads\/2018\/01\/SAM_1904-e1582230809779-1024x364.jpg\" alt=\"\" width=\"1024\" height=\"364\" srcset=\"https:\/\/www.hex.be\/wp-content\/uploads\/2018\/01\/SAM_1904-e1582230809779-1024x364.jpg 1024w, https:\/\/www.hex.be\/wp-content\/uploads\/2018\/01\/SAM_1904-e1582230809779-600x213.jpg 600w, https:\/\/www.hex.be\/wp-content\/uploads\/2018\/01\/SAM_1904-e1582230809779-300x107.jpg 300w, https:\/\/www.hex.be\/wp-content\/uploads\/2018\/01\/SAM_1904-e1582230809779-768x273.jpg 768w, https:\/\/www.hex.be\/wp-content\/uploads\/2018\/01\/SAM_1904-e1582230809779-1536x546.jpg 1536w, https:\/\/www.hex.be\/wp-content\/uploads\/2018\/01\/SAM_1904-e1582230809779.jpg 1900w\" sizes=\"(max-width: 1024px) 100vw, 1024px\" \/><\/p><p>La premi\u00e8re culture qui peut \u00eatre mise en terre, m\u00eame par mauvais temps, est la <strong>f\u00e8ve<\/strong> (f\u00e8ve). La f\u00e8ve est un l\u00e9gume souvent oubli\u00e9 ou sous-estim\u00e9. Non seulement ses grosses f\u00e8ves r\u00e9colt\u00e9es vertes sont juteuses et sucr\u00e9es, mais ses feuilles, ses boutons floraux et ses gousses se pr\u00eatent \u00e9galement \u00e0 toutes sortes de pr\u00e9parations d\u00e9licieuses. Sa culture ne pose pratiquement aucun probl\u00e8me. N'h\u00e9sitez donc pas \u00e0 ajouter ce l\u00e9gume ancien \u00e0 votre assortiment.<img loading=\"lazy\" decoding=\"async\" class=\"wp-image-3582 alignleft\" src=\"https:\/\/www.hex.be\/wp-content\/uploads\/2016\/05\/Hex16-zaaien-PSG_be-3435.jpg\" alt=\"\" width=\"174\" height=\"260\" srcset=\"https:\/\/www.hex.be\/wp-content\/uploads\/2016\/05\/Hex16-zaaien-PSG_be-3435.jpg 484w, https:\/\/www.hex.be\/wp-content\/uploads\/2016\/05\/Hex16-zaaien-PSG_be-3435-200x300.jpg 200w\" sizes=\"(max-width: 174px) 100vw, 174px\" \/><br \/>Durant la premi\u00e8re quinzaine de mars, nous pouvons souvent semer des <strong>l\u00e9gumes-feuilles<\/strong> en pleine terre, comme les <b>verts de navet<\/b>, <b>\u00e9pinard<\/b> et <b>bette<\/b>. Pour les \u00e9pinards, nous choisissons ce mois-ci le \u2018 Viroflay \u2019 ; la blette est de la vari\u00e9t\u00e9 \u2018 blonde de Lucullus \u2019.<br \/>Avec <b>pois<\/b> nous attendons encore un peu avant de semer en pleine terre. Les pois ont tendance \u00e0 pourrir facilement si les conditions ne sont pas favorables. Pour assurer une lev\u00e9e rapide, nous faisons tremper les graines une nuit et les faisons pr\u00e9-germer un jour ou deux sous abri. Pour \u00e9viter qu'ils ne rencontrent des difficult\u00e9s en cas de pluie persistante, nous buttons le rang \u2013 ce qui permet d'\u00e9vacuer en grande partie la pluie tomb\u00e9e loin du rang. Pensez \u00e9galement \u00e0 prot\u00e9ger les jeunes pois des oiseaux avec un filet d\u00e8s que possible. <br \/>Il est aussi temps de semer l\u2019<strong> oignon<\/strong> et de planter les bulbilles d\u2019oignon et l\u2019 <b>\u00e9chalote <\/b>. Un oignon issu de semis (comme \u00ab Rijnsburger \u00bb ou \u00ab Alison Craig \u00bb) se conserve plus longtemps qu\u2019un oignon cultiv\u00e9 \u00e0 partir de bulbilles.<\/p><p>Vers la fin du mois, les<b> pommes de terre nouvelles<\/b> peuvent \u00eatre plant\u00e9es. Leur place dans la serre est aussit\u00f4t occup\u00e9e par les vari\u00e9t\u00e9s tardives, comme \u2018Cornes de gatte\u2019, qui commencent \u00e0 leur tour \u00e0 germer.<\/p><blockquote><p><strong>CORV\u00c9ES POUR MARS<\/strong><br \/>Les cultures p\u00e9rennes sont inspect\u00e9es et compl\u00e9t\u00e9es.<br \/>La ciboulette, la rhubarbe, le chervis et le chou marin sont divis\u00e9s.<br \/>Le chou marin est couvert de pots de fleurs pour le blanchir.<br \/>Les buttes d'asperges sont sur\u00e9lev\u00e9es<br \/>Le lit de fraisiers est d\u00e9sherb\u00e9, fertilis\u00e9 et paill\u00e9.<\/p><\/blockquote><p><img loading=\"lazy\" decoding=\"async\" class=\"size-large wp-image-4641\" src=\"https:\/\/www.hex.be\/wp-content\/uploads\/2017\/02\/Hex-15-zicht-begin-april-683x1024.jpg\" alt=\"\" width=\"683\" height=\"1024\" srcset=\"https:\/\/www.hex.be\/wp-content\/uploads\/2017\/02\/Hex-15-zicht-begin-april-683x1024.jpg 683w, https:\/\/www.hex.be\/wp-content\/uploads\/2017\/02\/Hex-15-zicht-begin-april-600x900.jpg 600w, https:\/\/www.hex.be\/wp-content\/uploads\/2017\/02\/Hex-15-zicht-begin-april-200x300.jpg 200w, https:\/\/www.hex.be\/wp-content\/uploads\/2017\/02\/Hex-15-zicht-begin-april-768x1152.jpg 768w\" sizes=\"(max-width: 683px) 100vw, 683px\" \/><\/p><p><b>avril<\/b><br \/>Avril est le mois du printemps par excellence, mais le risque de gel\u00e9es nocturnes subsiste jusqu'\u00e0 la mi-mai, ce qui comporte de nombreux risques pour les <strong>l\u00e9gumes-fruits d\u2019\u00e9t\u00e9<\/strong>. Parmi les l\u00e9gumes-fruits d\u2019\u00e9t\u00e9, nous comptons, outre le poivron, le piment et l'aubergine, \u00e9galement la courgette, la tomate, le cornichon, le concombre, le melon et la citrouille \u2013 et par commodit\u00e9 \u00e9galement le ma\u00efs sucr\u00e9 et le basilic.<\/p><p>Ces cultures d'\u00e9t\u00e9 n\u00e9cessitent une temp\u00e9rature d'au moins 20\u00b0C \u00e0 22\u00b0C pour germer, et \u00e0 un stade ult\u00e9rieur toujours une temp\u00e9rature sup\u00e9rieure \u00e0 15\u00b0C. La v\u00e9randa ou l'int\u00e9rieur de la maison devant une fen\u00eatre sont des options possibles, mais si la lumi\u00e8re est insuffisante, on s'aper\u00e7oit rapidement que les jeunes plants s'allongent en rampant vers la source lumineuse. L'id\u00e9al pour la culture de ces esp\u00e8ces est la serre avec un chauffage d'appoint.<\/p><p><strong><img loading=\"lazy\" decoding=\"async\" class=\"wp-image-3576 alignleft\" src=\"https:\/\/www.hex.be\/wp-content\/uploads\/2016\/05\/Hex16-tomaten-SAM_1933-683x1024.jpg\" alt=\"\" width=\"174\" height=\"261\" \/>Poivron<\/strong>, <strong>aubergine<\/strong>, <b>piments<\/b> et <b>melon<\/b> ont \u00e9t\u00e9 sem\u00e9s le plus t\u00f4t possible (voir ci-dessus). Cependant, une longue p\u00e9riode \u00e0 l'int\u00e9rieur ou sous serre comporte \u00e9galement le risque de diverses attaques. Cela fait parfois de la culture de certaines de ces cultures d'\u00e9t\u00e9 une v\u00e9ritable aventure. Ne vous laissez surtout pas d\u00e9courager par vos \u00e9checs.<br \/>Les premiers<strong> tomates <\/strong>sont sem\u00e9es fin f\u00e9vrier. Il s'agit des vari\u00e9t\u00e9s les plus pr\u00e9coces, qui sont plant\u00e9es sous serre \u2013 ou des vari\u00e9t\u00e9s pr\u00e9coces rampantes pour sous ch\u00e2ssis. La majeure partie des tomates, les tomates de plein air de saison interm\u00e9diaire, ne sont sem\u00e9es qu'au d\u00e9but avril. Elles sont repiqu\u00e9es apr\u00e8s deux \u00e0 trois semaines, et sont de pr\u00e9f\u00e9rence rempot\u00e9es une seconde fois apr\u00e8s quelques semaines \u00e9galement \u2013 avant d'\u00eatre sorties. Je profite de chaque rempotage pour planter les pieds de tomates un peu plus profond\u00e9ment.<br \/><strong>Citrouille<\/strong> est celle qui pousse le plus vite. C'est pourquoi nous ne semons les potirons qu'\u00e0 la mi-avril, afin que ces plantes ne doivent certainement pas rester plus de quatre semaines sous serres.<\/p><blockquote><p><strong>SEMIS AU CHAUD<\/strong><em><br \/>Dans l'ordre, de f\u00e9vrier \u00e0 la mi-avril :<br \/><\/em>c\u00e9leri-rave \u2013 c\u00e9leri blanc \u2013 poireau d'\u00e9t\u00e9<br \/>artichaut \u2013 cardon \u2013 melon \u2013 poivron \u2013 aubergine<br \/>courgette \u2013 tomate \u2013 basilic<br \/>cornichon \u2013 concombre<br \/>citrouille<\/p><\/blockquote><p>Avec toute cette effervescence autour de la culture des l\u00e9gumes-fruits de saison chaude, il n'est pas surprenant que le semis des <strong>cultures d'automne et d'hiver<\/strong> soit parfois oubli\u00e9 en avril. Notez donc d\u00e8s maintenant dans votre agenda : les vari\u00e9t\u00e9s blanches et rouges de <strong>choux pomm\u00e9s<\/strong> \u2018Langedijker bewaar\u2019, <strong>chou fris\u00e9<\/strong>,\u00a0 <strong>chou de Milan<\/strong>,<strong> chou de Bruxelles<\/strong>, <b>chou-fleur d'hiver<\/b> et <strong>poireau d\u2019hiver<\/strong>.<img loading=\"lazy\" decoding=\"async\" class=\"wp-image-446 alignleft\" src=\"https:\/\/www.hex.be\/wp-content\/uploads\/2014\/04\/Hex-post-kweektuin-platte-bak-250x250-e1399294491552.jpg\" alt=\"\" width=\"173\" height=\"173\" srcset=\"https:\/\/www.hex.be\/wp-content\/uploads\/2014\/04\/Hex-post-kweektuin-platte-bak-250x250-e1399294491552.jpg 200w, https:\/\/www.hex.be\/wp-content\/uploads\/2014\/04\/Hex-post-kweektuin-platte-bak-250x250-e1399294491552-100x100.jpg 100w, https:\/\/www.hex.be\/wp-content\/uploads\/2014\/04\/Hex-post-kweektuin-platte-bak-250x250-e1399294491552-150x150.jpg 150w\" sizes=\"(max-width: 173px) 100vw, 173px\" \/> Il n'est pas n\u00e9cessaire de les semer sous serre \u2013 elles r\u00e9ussissent tr\u00e8s bien sur un lit de semis en pleine terre ou dans un bac.<br \/>Pour le poireau d\u2019hiver, nous choisissons la vari\u00e9t\u00e9 \u2018Blauwe van Luik\u2019. Nous faisons aussi un nouveau semis pr\u00e9coce de <strong>chou-fleur<\/strong>.<br \/>Nous semons maintenant aussi pour la premi\u00e8re fois dans le ch\u00e2ssis vitr\u00e9 <strong>pourpier d'\u00e9t\u00e9<\/strong> et toutes les quatre semaines un peu de radis, de laitue, de laitue iceberg et quelques herbes \u00e0 salade.<\/p><p>Dans<b> la pleine terre<\/b> avril commence par le semis de la vari\u00e9t\u00e9 \u2018Nantese\u2019 de <strong>carotte<\/strong> (pour l\u2019\u00e9t\u00e9 et la conservation). Nous semons \u00e9galement de la <strong>betterave rouge<\/strong>, \u2018 arc-en-ciel \u2019<b>bette<\/b>, <strong>fenouil bulbeux<\/strong> et <b>scorson\u00e8re<\/b> ; puis, entre les l\u00e9gumes, nous semons des rangs de <strong>souci<\/strong> altern\u00e9 avec <b>capucine<\/b>; et <strong>fleurs coup\u00e9es<\/strong> comme les cosmos, les zinnias et les pois de senteur.<br \/>\u00c0 l\u2019approche du 1er mai, nous plantons les<b> pommes de terre de conservation<\/b> et enfin, la laitue pomm\u00e9e, le chou-fleur, le broccoli, le poireau et les vari\u00e9t\u00e9s de c\u00e9leri sont plant\u00e9s.<\/p><p><img loading=\"lazy\" decoding=\"async\" class=\"alignnone wp-image-3445 size-full\" src=\"https:\/\/www.hex.be\/wp-content\/uploads\/2016\/03\/Hex16-dagboek-winterbloemkool-in-tuin-880x587-e1582236663852.jpg\" alt=\"\" width=\"875\" height=\"363\" srcset=\"https:\/\/www.hex.be\/wp-content\/uploads\/2016\/03\/Hex16-dagboek-winterbloemkool-in-tuin-880x587-e1582236663852.jpg 875w, https:\/\/www.hex.be\/wp-content\/uploads\/2016\/03\/Hex16-dagboek-winterbloemkool-in-tuin-880x587-e1582236663852-600x249.jpg 600w, https:\/\/www.hex.be\/wp-content\/uploads\/2016\/03\/Hex16-dagboek-winterbloemkool-in-tuin-880x587-e1582236663852-300x124.jpg 300w, https:\/\/www.hex.be\/wp-content\/uploads\/2016\/03\/Hex16-dagboek-winterbloemkool-in-tuin-880x587-e1582236663852-768x319.jpg 768w\" sizes=\"(max-width: 875px) 100vw, 875px\" \/><\/p><blockquote><p><strong>CORV\u00c9ES POUR AVRIL<\/strong><br \/>La vie du sol s'est r\u00e9veill\u00e9e \u2013 les tas de compost sont de nouveau activ\u00e9s.<br \/>Les insectes sont eux aussi de retour : nous suspendons des pi\u00e8ges \u00e0 ph\u00e9romones dans les arbres fruitiers.<br \/>La parcelle de carottes est recouverte d'un filet anti-insectes.<br \/>Les vignes, les p\u00eachers et les rosiers sont trait\u00e9s au soufre pour la premi\u00e8re fois.<br \/>Les jeunes plants de choux sont prot\u00e9g\u00e9s des ramiers par un filet.<\/p><\/blockquote><p><b>MAI<\/b><br \/>Mai est un mois aux deux visages. D'un c\u00f4t\u00e9, nous voyons un temps estival agr\u00e9able avec parfois des pointes jusqu'\u00e0 25 \u00b0C - de l'autre, les nuits sont parfois encore effroyablement froides.<\/p><p>La serre d\u00e9borde. \u00c0 partir de mai, les <strong>l\u00e9gumes-fruits<\/strong>, comme les tomates, peuvent sortir progressivement pour s\u2019habituer au vent et au soleil. Rentrez-les toujours \u00e0 temps : le choc d\u2019une seule nuit froide peut les affaiblir durablement.<\/p><p><img loading=\"lazy\" decoding=\"async\" class=\"alignnone size-large wp-image-3578\" src=\"https:\/\/www.hex.be\/wp-content\/uploads\/2016\/05\/Hex-245-kweektuin-\u00aePSGstudio-e1582199609629-1024x351.jpg\" alt=\"\" width=\"1024\" height=\"351\" srcset=\"https:\/\/www.hex.be\/wp-content\/uploads\/2016\/05\/Hex-245-kweektuin-\u00aePSGstudio-e1582199609629-1024x351.jpg 1024w, https:\/\/www.hex.be\/wp-content\/uploads\/2016\/05\/Hex-245-kweektuin-\u00aePSGstudio-e1582199609629-600x206.jpg 600w, https:\/\/www.hex.be\/wp-content\/uploads\/2016\/05\/Hex-245-kweektuin-\u00aePSGstudio-e1582199609629-300x103.jpg 300w, https:\/\/www.hex.be\/wp-content\/uploads\/2016\/05\/Hex-245-kweektuin-\u00aePSGstudio-e1582199609629-768x263.jpg 768w, https:\/\/www.hex.be\/wp-content\/uploads\/2016\/05\/Hex-245-kweektuin-\u00aePSGstudio-e1582199609629-1536x527.jpg 1536w, https:\/\/www.hex.be\/wp-content\/uploads\/2016\/05\/Hex-245-kweektuin-\u00aePSGstudio-e1582199609629.jpg 1910w\" sizes=\"(max-width: 1024px) 100vw, 1024px\" \/>Vers la mi-mai, avec \u2018 le dernier des saints de glace \u2019, il est de coutume que les gel\u00e9es nocturnes prennent fin. Ensuite, les plants de l\u00e9gumes d'\u00e9t\u00e9 peuvent \u00eatre mis au jardin. La premi\u00e8re moiti\u00e9 du mois, nous sommes occup\u00e9s \u00e0 pr\u00e9parer les parcelles pour les cultures de fruits et l\u00e9gumes afin que la plantation puisse ensuite se faire sans retard.<br \/>Durant cette p\u00e9riode, nous semons aussi \u00e0 nouveau des <strong>pois<\/strong> \u2013 pour une saison de r\u00e9colte plus longue.<\/p><p>Nous semons <strong>panais<\/strong> et <strong>rutabaga<\/strong> pour une r\u00e9colte d'automne ; et un peu plus tard, nous semons <strong>ma\u00efs doux<\/strong> et <strong>\u00c9pinard de Nouvelle-Z\u00e9lande<\/strong>.<br \/>D\u00e8s le d\u00e9but mai, le semis du <strong>endive<\/strong> peut commencer. Le semis du chicon, tout comme celui de la carotte, est un travail pr\u00e9cis et minutieux qui ne peut se faire que par beau temps. Plus vous parvenez \u00e0 semer avec pr\u00e9cision, moins vous aurez de travail pour \u00e9claircir les rangs. Enfin, durant la premi\u00e8re quinzaine de mai, nous plantons les tubercules de <strong>Dahlia<\/strong> dans les plates-bandes du potager.<br \/>Si le temps le permet, je s\u00e8me dans la seconde moiti\u00e9 de mai les premiers <strong>haricots nains<\/strong>. Je mets tous les 30 cm trois \u00e0 cinq haricots en ligne, apr\u00e8s quoi je \u2013 tout comme pour les petits pois \u2013 butte la ligne. Les haricots ne supportent en effet pas mieux les nuits froides ou un sol humide.<\/p><p>Pour le reste, les jours jusqu'en juin sont remplis de la plantation de citrouilles, de courgettes, de tomates, de poivrons et de basilic, de concombres, de cornichons et de melons. Les plus pr\u00e9coces <strong>tomates<\/strong> sont, tout comme les <strong>melons<\/strong>, plant\u00e9s dans la couche sous ch\u00e2ssis vitr\u00e9. Les autres vari\u00e9t\u00e9s de tomates sont conduites sur des tuteurs (ficelles) sous un auvent. <br \/>Pour <strong>citrouille<\/strong> nous r\u00e9servons chaque fois une grande parcelle. <strong>Cornichon<\/strong>, <strong>aubergine<\/strong> et <strong>concombre<\/strong> viennent dans les ch\u00e2ssis froids qui ont entre-temps \u00e9t\u00e9 lib\u00e9r\u00e9s par la culture de printemps. Le cornichon et le concombre sont \u00e9galement g\u00e9n\u00e9ralement guid\u00e9s le long d'une ficelle, tandis que l'aubergine et le poivron sont soutenus par un simple tuteur.<\/p><p><img loading=\"lazy\" decoding=\"async\" class=\"alignnone size-large wp-image-6555\" src=\"https:\/\/www.hex.be\/wp-content\/uploads\/2018\/11\/faq-header-1024x373.jpg\" alt=\"\" width=\"1024\" height=\"373\" srcset=\"https:\/\/www.hex.be\/wp-content\/uploads\/2018\/11\/faq-header-1024x373.jpg 1024w, https:\/\/www.hex.be\/wp-content\/uploads\/2018\/11\/faq-header-300x109.jpg 300w, https:\/\/www.hex.be\/wp-content\/uploads\/2018\/11\/faq-header-768x280.jpg 768w, https:\/\/www.hex.be\/wp-content\/uploads\/2018\/11\/faq-header-600x219.jpg 600w, https:\/\/www.hex.be\/wp-content\/uploads\/2018\/11\/faq-header.jpg 1920w\" sizes=\"(max-width: 1024px) 100vw, 1024px\" \/><\/p><blockquote><p><strong>PETITS BOULOTS POUR MAI<br \/><\/strong>Les premiers traitements contre les insectes s'imposent : un insecticide \u00e9cologique simple \u00e0 base de savon ou d'huile contre les pucerons sur les choux et la teigne du poireau \u00e0 l'aisselle des feuilles.<br \/>Le purin d'ortie est pr\u00e9par\u00e9 pour servir d'engrais liquide pour les l\u00e9gumes-fruits.<br \/>Les pommes de terre sont butt\u00e9es lorsque des gel\u00e9es nocturnes menacent.<br \/>Les carottes sont \u00e9claircies.<br \/>Un abri est bricol\u00e9 pour les tomates.<br \/>Lors de la plantation des l\u00e9gumes-fruits, une grande quantit\u00e9 de compost est apport\u00e9e.<br \/>Les tuteurs de haricots sont redress\u00e9s.<br \/>Les parcelles de cultures mara\u00eech\u00e8res sont recouvertes de paille apr\u00e8s la plantation.<\/p><\/blockquote><p><b>ET EN SUITE<\/b><br \/>Nous regardons un peu en avant vers les travaux des prochains mois. D\u00e9but juin, <strong>haricots \u00e0 rames et haricots d\u2019Espagne<\/strong> sont encore sem\u00e9s \u2013 cinq haricots autour de chaque tuteur \u2013 ainsi que les <strong>haricot sec<\/strong> \u2018 flageolet \u2019 et une deuxi\u00e8me fois des haricots nains. Dans le ch\u00e2ssis, je s\u00e8me encore une fois de la laitue pomm\u00e9e, de la laitue iceberg, du fenouil bulbeux, du chou-fleur tardif et du chou chinois pour une r\u00e9colte en septembre.<\/p><p>\u00c0 l'approche du jour le plus long, les premi\u00e8res de nos cultures tardives font leur apparition dans le potager d\u00e9sormais bien rempli. En effet, les choux d'automne et d'hiver sont pr\u00eats un \u00e0 un \u00e0 \u00eatre repiqu\u00e9s et les poireaux d'hiver doivent \u00e9galement trouver leur place. Heureusement, il y a les parcelles de pommes de terre pr\u00e9coces qui se lib\u00e8rent.<br \/>Enfin, nous semons encore les vari\u00e9t\u00e9s fris\u00e9es et \u00e0 feuilles larges de <strong>chicor\u00e9e fris\u00e9e<\/strong> (\u2018skarol\u2019), <strong>chicor\u00e9e pain de sucre<\/strong> et <b>radicchio<\/b>-des vari\u00e9t\u00e9s comme la \u2018 Castelfranco \u2019 et la \u2018 rouge de V\u00e9rone \u2019 dans le ch\u00e2ssis pour \u00eatre repiqu\u00e9es pendant les mois d'\u00e9t\u00e9.<br \/>Pour le prochain semis de <strong>\u00e9pinard<\/strong> nous attendons jusqu\u2019\u00e0 la fin juillet. Nous choisissons d\u2019abord une vari\u00e9t\u00e9 \u00e0 croissance lente comme \u2018Viking\u2019, pour une r\u00e9colte en septembre. Et pour le semis de<strong> m\u00e2che<\/strong>, <strong>claytone de Cuba<\/strong>, <strong>navet<\/strong> et <strong>radis noirs<\/strong> attendons que les mois d'\u00e9t\u00e9 soient compl\u00e8tement pass\u00e9s.<b><img loading=\"lazy\" decoding=\"async\" class=\"alignnone wp-image-81 size-large\" src=\"https:\/\/www.hex.be\/wp-content\/uploads\/2014\/03\/Hex-home2-1200x500-dia-e1582232386171-1024x359.jpg\" alt=\"\" width=\"1024\" height=\"359\" srcset=\"https:\/\/www.hex.be\/wp-content\/uploads\/2014\/03\/Hex-home2-1200x500-dia-e1582232386171-1024x359.jpg 1024w, https:\/\/www.hex.be\/wp-content\/uploads\/2014\/03\/Hex-home2-1200x500-dia-e1582232386171-600x210.jpg 600w, https:\/\/www.hex.be\/wp-content\/uploads\/2014\/03\/Hex-home2-1200x500-dia-e1582232386171-300x105.jpg 300w, https:\/\/www.hex.be\/wp-content\/uploads\/2014\/03\/Hex-home2-1200x500-dia-e1582232386171-768x269.jpg 768w, https:\/\/www.hex.be\/wp-content\/uploads\/2014\/03\/Hex-home2-1200x500-dia-e1582232386171.jpg 1191w\" sizes=\"(max-width: 1024px) 100vw, 1024px\" \/><\/b><\/p><p style=\"text-align: right\">Bonne chance !<br \/><em>\u00a0Gust Duchamps, potager Hex.<br \/><\/em><\/p><h3>\u00a0<\/h3>\t\t\t\t\t\t\t\t<\/div>\n\t\t\t\t<\/div>\n\t\t\t\t\t<\/div>\n\t\t<\/div>\n\t\t\t\t\t<\/div>\n\t\t<\/section>\n\t\t\t\t<\/div>","protected":false},"excerpt":{"rendered":"<p>De moestuin van kasteel Hex kadert in een lange traditie van een seizoensgebonden en zelfvoorzienend leven. De tuin is een afspiegeling van de keuken van het kasteel. Of omgekeerd, zo je wil, ligt de tuin er op het bord. De kalender en de teelttechnieken\u00a0 zijn generaties lang\u00a0 van tuinman op tuinman overgedragen en verbeterd. Dit [&hellip;]<\/p>\n","protected":false},"author":5,"featured_media":10161,"comment_status":"open","ping_status":"open","sticky":false,"template":"","format":"standard","meta":{"_acf_changed":false,"site-sidebar-layout":"default","site-content-layout":"default","ast-site-content-layout":"default","site-content-style":"default","site-sidebar-style":"default","ast-global-header-display":"","ast-banner-title-visibility":"","ast-main-header-display":"","ast-hfb-above-header-display":"","ast-hfb-below-header-display":"","ast-hfb-mobile-header-display":"","site-post-title":"","ast-breadcrumbs-content":"","ast-featured-img":"","footer-sml-layout":"","ast-disable-related-posts":"","theme-transparent-header-meta":"default","adv-header-id-meta":"","stick-header-meta":"default","header-above-stick-meta":"","header-main-stick-meta":"","header-below-stick-meta":"","astra-migrate-meta-layouts":"default","ast-page-background-enabled":"default","ast-page-background-meta":{"desktop":{"background-color":"","background-image":"","background-repeat":"repeat","background-position":"center center","background-size":"auto","background-attachment":"scroll","background-type":"","background-media":"","overlay-type":"","overlay-color":"","overlay-opacity":"","overlay-gradient":""},"tablet":{"background-color":"","background-image":"","background-repeat":"repeat","background-position":"center center","background-size":"auto","background-attachment":"scroll","background-type":"","background-media":"","overlay-type":"","overlay-color":"","overlay-opacity":"","overlay-gradient":""},"mobile":{"background-color":"","background-image":"","background-repeat":"repeat","background-position":"center center","background-size":"auto","background-attachment":"scroll","background-type":"","background-media":"","overlay-type":"","overlay-color":"","overlay-opacity":"","overlay-gradient":""}},"ast-content-background-meta":{"desktop":{"background-color":"var(--ast-global-color-5)","background-image":"","background-repeat":"repeat","background-position":"center center","background-size":"auto","background-attachment":"scroll","background-type":"","background-media":"","overlay-type":"","overlay-color":"","overlay-opacity":"","overlay-gradient":""},"tablet":{"background-color":"var(--ast-global-color-5)","background-image":"","background-repeat":"repeat","background-position":"center center","background-size":"auto","background-attachment":"scroll","background-type":"","background-media":"","overlay-type":"","overlay-color":"","overlay-opacity":"","overlay-gradient":""},"mobile":{"background-color":"var(--ast-global-color-5)","background-image":"","background-repeat":"repeat","background-position":"center center","background-size":"auto","background-attachment":"scroll","background-type":"","background-media":"","overlay-type":"","overlay-color":"","overlay-opacity":"","overlay-gradient":""}},"_price":"","_stock":"","_tribe_ticket_header":"","_tribe_default_ticket_provider":"","_tribe_ticket_capacity":"0","_ticket_start_date":"","_ticket_end_date":"","_tribe_ticket_show_description":"","_tribe_ticket_show_not_going":false,"_tribe_ticket_use_global_stock":"","_tribe_ticket_global_stock_level":"","_global_stock_mode":"","_global_stock_cap":"","_tribe_rsvp_for_event":"","_tribe_ticket_going_count":"","_tribe_ticket_not_going_count":"","_tribe_tickets_list":"[]","_tribe_ticket_has_attendee_info_fields":false,"footnotes":"","_members_access_role":[],"_members_access_error":""},"categories":[19],"class_list":["post-10155","post","type-post","status-publish","format-standard","has-post-thumbnail","hentry","category-moestuin"],"acf":[],"_links":{"self":[{"href":"https:\/\/www.hex.be\/fr\/wp-json\/wp\/v2\/posts\/10155","targetHints":{"allow":["GET"]}}],"collection":[{"href":"https:\/\/www.hex.be\/fr\/wp-json\/wp\/v2\/posts"}],"about":[{"href":"https:\/\/www.hex.be\/fr\/wp-json\/wp\/v2\/types\/post"}],"author":[{"embeddable":true,"href":"https:\/\/www.hex.be\/fr\/wp-json\/wp\/v2\/users\/5"}],"replies":[{"embeddable":true,"href":"https:\/\/www.hex.be\/fr\/wp-json\/wp\/v2\/comments?post=10155"}],"version-history":[{"count":7,"href":"https:\/\/www.hex.be\/fr\/wp-json\/wp\/v2\/posts\/10155\/revisions"}],"predecessor-version":[{"id":28244,"href":"https:\/\/www.hex.be\/fr\/wp-json\/wp\/v2\/posts\/10155\/revisions\/28244"}],"wp:featuredmedia":[{"embeddable":true,"href":"https:\/\/www.hex.be\/fr\/wp-json\/wp\/v2\/media\/10161"}],"wp:attachment":[{"href":"https:\/\/www.hex.be\/fr\/wp-json\/wp\/v2\/media?parent=10155"}],"wp:term":[{"taxonomy":"category","embeddable":true,"href":"https:\/\/www.hex.be\/fr\/wp-json\/wp\/v2\/categories?post=10155"}],"curies":[{"name":"wp","href":"https:\/\/api.w.org\/{rel}","templated":true}]}}