{"id":37837,"date":"2025-05-08T01:35:38","date_gmt":"2025-05-07T23:35:38","guid":{"rendered":"https:\/\/www.hex.be\/?p=37837"},"modified":"2025-06-27T12:09:45","modified_gmt":"2025-06-27T10:09:45","slug":"hex-vestalia-2025","status":"publish","type":"post","link":"https:\/\/www.hex.be\/de\/verhalen\/hex-vestalia-2025\/","title":{"rendered":"HEX-VESTALIA 2025"},"content":{"rendered":"<div data-elementor-type=\"wp-post\" data-elementor-id=\"37837\" class=\"elementor elementor-37837\" data-elementor-post-type=\"post\">\n\t\t\t\t\t\t<section class=\"elementor-section elementor-top-section elementor-element elementor-element-59969a40 elementor-section-boxed elementor-section-height-default elementor-section-height-default\" data-id=\"59969a40\" data-element_type=\"section\" data-e-type=\"section\">\n\t\t\t\t\t\t<div class=\"elementor-container elementor-column-gap-default\">\n\t\t\t\t\t<div class=\"elementor-column elementor-col-100 elementor-top-column elementor-element elementor-element-5ffc415\" data-id=\"5ffc415\" data-element_type=\"column\" data-e-type=\"column\">\n\t\t\t<div class=\"elementor-widget-wrap elementor-element-populated\">\n\t\t\t\t\t\t<div class=\"elementor-element elementor-element-223bf057 elementor-widget elementor-widget-text-editor\" data-id=\"223bf057\" data-element_type=\"widget\" data-e-type=\"widget\" data-widget_type=\"text-editor.default\">\n\t\t\t\t<div class=\"elementor-widget-container\">\n\t\t\t\t\t\t\t\t\t\n<p>Hex begr\u00fc\u00dft jedes Jahr im Juni den Gewinner des K\u00f6nigin-Elisabeth-Musikwettbewerbs, der als einer der renommiertesten Musikwettbewerbe der Welt gilt. In diesem Jahr ist der Wettbewerb dem Klavier gewidmet.<\/p>\n<p>Der Gewinner wird nach einem harten Wettbewerb am Samstag, dem 31. Mai, bekannt gegeben.<\/p>\n<p>Das Konzert ist ein intimes und pers\u00f6nliches Kammermusikkonzert f\u00fcr ein begrenztes Publikum von 150 Personen in einem Konzertsaal. Anschlie\u00dfend sind die G\u00e4ste zu einem eleganten Empfang in unseren Salons aus dem 18. Jahrhundert eingeladen.<\/p>\n<p>Das Konzert zieht Musikliebhaber an, die auch gerne in den G\u00e4rten spazieren gehen und sich an den sch\u00f6nen Farben und dem Duft der Rosensammlung erfreuen.<\/p>\n<p>Karten sind auf unserer Website www.hex.be\/vestalia\/  erh\u00e4ltlich. <a href=\"http:\/\/www.hex.be\/de\/vestalia\/\">www.hex.be\/vestalia\/<\/a><\/p>\n<p><em>Diese Veranstaltung ist Teil von VESTALIA, der Woche des privaten Kulturerbes in Belgien vom 7. bis 15. Juni 2025. In diesem Jahr \u00f6ffnen 30 Mitglieder des belgischen Vereins f\u00fcr historische H\u00e4user ihre H\u00e4user und G\u00e4rten f\u00fcr eine exklusive Besichtigung oder eine besondere Veranstaltung. Das vollst\u00e4ndige Programm finden Sie unter www.dhj-hwt.be\/nl_BE\/vesta <a href=\"http:\/\/www.dhj-hwt.be\/nl_BE\/vesta\" rel=\"nofollow noopener\" target=\"_blank\">www.dhj-hwt.be\/nl_BE\/vesta<\/a><\/em><\/p>\n\n<div id=\"ConnectiveDocSignExtentionInstalled\" data-extension-version=\"1.0.4\">\u00a0<\/div>\n<div id=\"simple-translate\" class=\"simple-translate-system-theme\">\n<div>\n<div class=\"simple-translate-button isShow\" style=\"height: 22px;width: 22px;top: 78px;left: 32px\">\u00a0<\/div>\n<div class=\"simple-translate-panel\" style=\"width: 300px;height: 200px;top: 0px;left: 0px;font-size: 13px\">\n<div class=\"simple-translate-result-wrapper\" style=\"overflow: hidden\">\n<div class=\"simple-translate-move\">\u00a0<\/div>\n<div class=\"simple-translate-result-contents\">\n<p class=\"simple-translate-result\" dir=\"auto\">\u00a0<\/p>\n<p class=\"simple-translate-candidate\" dir=\"auto\">\u00a0<\/p>\n<\/div>\n<\/div>\n<\/div>\n<\/div>\n<\/div>\t\t\t\t\t\t\t\t<\/div>\n\t\t\t\t<\/div>\n\t\t\t\t\t<\/div>\n\t\t<\/div>\n\t\t\t\t\t<\/div>\n\t\t<\/section>\n\t\t\t\t<\/div>","protected":false},"excerpt":{"rendered":"<p>Hex verwelkomt elk jaar in juni de winnaar van de Koningin Elisabethwedstrijd, \u00e9\u00e9n van de meest prestigieuze klassieke muziekwedstrijden ter wereld. Dit jaar staat de wedstrijd in het teken van de piano. De winnaar wordt na een zware competitie bekend gemaakt op zaterdag 31 mei. Het concert is een kamermuziekrecital voor een beperkt publiek van [&hellip;]<\/p>\n","protected":false},"author":8,"featured_media":37807,"comment_status":"open","ping_status":"open","sticky":false,"template":"","format":"standard","meta":{"_acf_changed":false,"site-sidebar-layout":"default","site-content-layout":"","ast-site-content-layout":"default","site-content-style":"default","site-sidebar-style":"default","ast-global-header-display":"","ast-banner-title-visibility":"","ast-main-header-display":"","ast-hfb-above-header-display":"","ast-hfb-below-header-display":"","ast-hfb-mobile-header-display":"","site-post-title":"","ast-breadcrumbs-content":"","ast-featured-img":"","footer-sml-layout":"","ast-disable-related-posts":"","theme-transparent-header-meta":"","adv-header-id-meta":"","stick-header-meta":"","header-above-stick-meta":"","header-main-stick-meta":"","header-below-stick-meta":"","astra-migrate-meta-layouts":"set","ast-page-background-enabled":"default","ast-page-background-meta":{"desktop":{"background-color":"","background-image":"","background-repeat":"repeat","background-position":"center center","background-size":"auto","background-attachment":"scroll","background-type":"","background-media":"","overlay-type":"","overlay-color":"","overlay-opacity":"","overlay-gradient":""},"tablet":{"background-color":"","background-image":"","background-repeat":"repeat","background-position":"center center","background-size":"auto","background-attachment":"scroll","background-type":"","background-media":"","overlay-type":"","overlay-color":"","overlay-opacity":"","overlay-gradient":""},"mobile":{"background-color":"","background-image":"","background-repeat":"repeat","background-position":"center center","background-size":"auto","background-attachment":"scroll","background-type":"","background-media":"","overlay-type":"","overlay-color":"","overlay-opacity":"","overlay-gradient":""}},"ast-content-background-meta":{"desktop":{"background-color":"var(--ast-global-color-5)","background-image":"","background-repeat":"repeat","background-position":"center center","background-size":"auto","background-attachment":"scroll","background-type":"","background-media":"","overlay-type":"","overlay-color":"","overlay-opacity":"","overlay-gradient":""},"tablet":{"background-color":"var(--ast-global-color-5)","background-image":"","background-repeat":"repeat","background-position":"center center","background-size":"auto","background-attachment":"scroll","background-type":"","background-media":"","overlay-type":"","overlay-color":"","overlay-opacity":"","overlay-gradient":""},"mobile":{"background-color":"var(--ast-global-color-5)","background-image":"","background-repeat":"repeat","background-position":"center center","background-size":"auto","background-attachment":"scroll","background-type":"","background-media":"","overlay-type":"","overlay-color":"","overlay-opacity":"","overlay-gradient":""}},"_price":"","_stock":"","_tribe_ticket_header":"","_tribe_default_ticket_provider":"","_tribe_ticket_capacity":"0","_ticket_start_date":"","_ticket_end_date":"","_tribe_ticket_show_description":"","_tribe_ticket_show_not_going":false,"_tribe_ticket_use_global_stock":"","_tribe_ticket_global_stock_level":"","_global_stock_mode":"","_global_stock_cap":"","_tribe_rsvp_for_event":"","_tribe_ticket_going_count":"","_tribe_ticket_not_going_count":"","_tribe_tickets_list":"[]","_tribe_ticket_has_attendee_info_fields":false,"footnotes":""},"categories":[746],"class_list":["post-37837","post","type-post","status-publish","format-standard","has-post-thumbnail","hentry","category-concert"],"acf":[],"_links":{"self":[{"href":"https:\/\/www.hex.be\/de\/wp-json\/wp\/v2\/posts\/37837","targetHints":{"allow":["GET"]}}],"collection":[{"href":"https:\/\/www.hex.be\/de\/wp-json\/wp\/v2\/posts"}],"about":[{"href":"https:\/\/www.hex.be\/de\/wp-json\/wp\/v2\/types\/post"}],"author":[{"embeddable":true,"href":"https:\/\/www.hex.be\/de\/wp-json\/wp\/v2\/users\/8"}],"replies":[{"embeddable":true,"href":"https:\/\/www.hex.be\/de\/wp-json\/wp\/v2\/comments?post=37837"}],"version-history":[{"count":7,"href":"https:\/\/www.hex.be\/de\/wp-json\/wp\/v2\/posts\/37837\/revisions"}],"predecessor-version":[{"id":38530,"href":"https:\/\/www.hex.be\/de\/wp-json\/wp\/v2\/posts\/37837\/revisions\/38530"}],"wp:featuredmedia":[{"embeddable":true,"href":"https:\/\/www.hex.be\/de\/wp-json\/wp\/v2\/media\/37807"}],"wp:attachment":[{"href":"https:\/\/www.hex.be\/de\/wp-json\/wp\/v2\/media?parent=37837"}],"wp:term":[{"taxonomy":"category","embeddable":true,"href":"https:\/\/www.hex.be\/de\/wp-json\/wp\/v2\/categories?post=37837"}],"curies":[{"name":"wp","href":"https:\/\/api.w.org\/{rel}","templated":true}]}}